{"id":2386,"date":"2011-10-06T18:15:24","date_gmt":"2011-10-06T16:15:24","guid":{"rendered":"http:\/\/kelgukoerad.ee\/hellerkantri\/?p=2386"},"modified":"2012-10-29T16:26:17","modified_gmt":"2012-10-29T14:26:17","slug":"kulas-toelistel-toomalamuutidel-rootsis","status":"publish","type":"post","link":"https:\/\/kelgukoerad.ee\/hellerkantri\/kulas-toelistel-toomalamuutidel-rootsis\/","title":{"rendered":"K\u00fclas t\u00f5elistel t\u00f6\u00f6malamuutidel Rootsis"},"content":{"rendered":"<p><span style=\"color: #3366ff;\"><strong>5 in 1: vahva perereis Rootsis, kenneli Noatak&#8217;s k\u00fclastus, uue malamuudi kutsika toomine, Novesta paaritamine &amp; v\u00f5istlushooaja avamine rootslaste moodi.<\/strong><\/span><\/p>\n<p><strong>Nii v\u00e4heks on j\u00e4\u00e4nud t\u00f5eliselt h\u00e4id t\u00f6\u00f6malamuute maailmas..<\/strong>.<\/p>\n<p>Pika otsimise peale otsustasime v\u00f5tta ette teekonna <strong>Rootsi<\/strong>, peaaegu Norra piiri \u00e4\u00e4rde, et kohtuda t\u00f5eliste t\u00f6\u00f6malamuutidega <strong>kennelis Noatak&#8217;s<\/strong>. Peremees <strong>Christer Afseer<\/strong> ja perenaine <strong>Kristin Esseth<\/strong> on malamuute suure p\u00fchendusega kasvatanud<strong> \u00fcle 20-aasta<\/strong>. Nad on 100% oma koertele p\u00fchendunud ja seda paistab silma igal hetkel ning ka suurep\u00e4rastes tulemustes <strong>pikamaav\u00f5istlustel<\/strong> (al.300km).<\/p>\n<p><a href=\"https:\/\/kelgukoerad.ee\/hellerkantri\/wp-content\/uploads\/2011\/10\/noataks_malamutes.jpg\"><img loading=\"lazy\" class=\"alignnone size-full wp-image-2387\" title=\"Noatak's malamutes - stake out\" src=\"https:\/\/kelgukoerad.ee\/hellerkantri\/wp-content\/uploads\/2011\/10\/noataks_malamutes.jpg\" alt=\"\" width=\"320\" height=\"211\" \/><\/a> <a href=\"https:\/\/kelgukoerad.ee\/hellerkantri\/wp-content\/uploads\/2011\/10\/kristin4.jpg\"><img loading=\"lazy\" class=\"alignnone size-full wp-image-2388\" title=\"Kristin\" src=\"https:\/\/kelgukoerad.ee\/hellerkantri\/wp-content\/uploads\/2011\/10\/kristin4.jpg\" alt=\"\" width=\"172\" height=\"211\" \/><\/a> <a href=\"https:\/\/kelgukoerad.ee\/hellerkantri\/wp-content\/uploads\/2011\/10\/christer.jpg\"><img loading=\"lazy\" class=\"alignnone size-full wp-image-2389\" title=\"Christer\" src=\"https:\/\/kelgukoerad.ee\/hellerkantri\/wp-content\/uploads\/2011\/10\/christer.jpg\" alt=\"\" width=\"170\" height=\"210\" \/><\/a><br \/>\n<em>Kennel Noatak&#8217;s malamuudid. Kristin oma tiimiga. Christer oma koertele sn\u00e4kke pakkumas.<\/em><\/p>\n<p>Ootasime oma emase malamuudi <strong>Novesta<\/strong> \u00f5iget aega, et siis talle sobival ajal paaritada ta \u00fche Noatak&#8217;si suurep\u00e4rastest t\u00f6\u00f6tavatest isasega. Meile sobivaid kandaate oli 7 &#8211; kohapeal tegime l\u00f5pliku valiku.<\/p>\n<p><a href=\"https:\/\/kelgukoerad.ee\/hellerkantri\/wp-content\/uploads\/2011\/10\/novestake.jpg\"><img loading=\"lazy\" class=\"alignnone  wp-image-2399\" title=\"Novesta\" src=\"https:\/\/kelgukoerad.ee\/hellerkantri\/wp-content\/uploads\/2011\/10\/novestake.jpg\" alt=\"\" width=\"358\" height=\"258\" srcset=\"https:\/\/kelgukoerad.ee\/hellerkantri\/wp-content\/uploads\/2011\/10\/novestake.jpg 720w, https:\/\/kelgukoerad.ee\/hellerkantri\/wp-content\/uploads\/2011\/10\/novestake-600x433.jpg 600w, https:\/\/kelgukoerad.ee\/hellerkantri\/wp-content\/uploads\/2011\/10\/novestake-300x216.jpg 300w\" sizes=\"(max-width: 358px) 100vw, 358px\" \/><\/a> <a href=\"https:\/\/kelgukoerad.ee\/hellerkantri\/wp-content\/uploads\/2011\/10\/meiepere.jpg\"><img loading=\"lazy\" class=\"alignnone  wp-image-2400\" title=\"meie pere\" src=\"https:\/\/kelgukoerad.ee\/hellerkantri\/wp-content\/uploads\/2011\/10\/meiepere-400x600.jpg\" alt=\"\" width=\"171\" height=\"257\" srcset=\"https:\/\/kelgukoerad.ee\/hellerkantri\/wp-content\/uploads\/2011\/10\/meiepere-400x600.jpg 400w, https:\/\/kelgukoerad.ee\/hellerkantri\/wp-content\/uploads\/2011\/10\/meiepere-200x300.jpg 200w, https:\/\/kelgukoerad.ee\/hellerkantri\/wp-content\/uploads\/2011\/10\/meiepere.jpg 480w\" sizes=\"(max-width: 171px) 100vw, 171px\" \/><\/a><\/p>\n<p>Meid v\u00f5ttis vastu tore ja t\u00f6\u00f6kas pererahvas ja t\u00f5eline malamuutide kogukond. Nii palju malamuute korraga n\u00e4gin elus esimest korda. Koerad olid aedikutes enamasti kolme kaupa, aedikutes ja ka mujal vedeles hulgaliselt metsloomakonte. T\u00f5eliselt \u00fcllatav oli see, et koerad suhtusid maiuspaladesse \u00fcksk\u00f5ikselt &#8211; ei mingit riidu kontide p\u00e4rast. Peremees k\u00e4is s\u00f5itmas 10 malamuudi rakendiga isegi \u00f6\u00f6sel, s\u00f5ites \u00f6\u00f6ga maha 70 km.<\/p>\n<p><a href=\"https:\/\/kelgukoerad.ee\/hellerkantri\/wp-content\/uploads\/2011\/10\/majake.jpg\"><img loading=\"lazy\" class=\"alignnone  wp-image-2402\" title=\"majake\" src=\"https:\/\/kelgukoerad.ee\/hellerkantri\/wp-content\/uploads\/2011\/10\/majake.jpg\" alt=\"\" width=\"278\" height=\"186\" srcset=\"https:\/\/kelgukoerad.ee\/hellerkantri\/wp-content\/uploads\/2011\/10\/majake.jpg 720w, https:\/\/kelgukoerad.ee\/hellerkantri\/wp-content\/uploads\/2011\/10\/majake-600x401.jpg 600w, https:\/\/kelgukoerad.ee\/hellerkantri\/wp-content\/uploads\/2011\/10\/majake-300x200.jpg 300w\" sizes=\"(max-width: 278px) 100vw, 278px\" \/><\/a> <a href=\"https:\/\/kelgukoerad.ee\/hellerkantri\/wp-content\/uploads\/2011\/10\/storm_chinook.jpg\"><img loading=\"lazy\" class=\"alignnone  wp-image-2403\" title=\"storm_chinook\" src=\"https:\/\/kelgukoerad.ee\/hellerkantri\/wp-content\/uploads\/2011\/10\/storm_chinook.jpg\" alt=\"\" width=\"284\" height=\"186\" srcset=\"https:\/\/kelgukoerad.ee\/hellerkantri\/wp-content\/uploads\/2011\/10\/storm_chinook.jpg 720w, https:\/\/kelgukoerad.ee\/hellerkantri\/wp-content\/uploads\/2011\/10\/storm_chinook-600x396.jpg 600w, https:\/\/kelgukoerad.ee\/hellerkantri\/wp-content\/uploads\/2011\/10\/storm_chinook-300x197.jpg 300w\" sizes=\"(max-width: 284px) 100vw, 284px\" \/><\/a><\/p>\n<p>J\u00e4rgmisel p\u00e4eval toimus Rootsi Malamuudi Klubi \u00fcritus, kus s\u00f5ideti 30 km.N\u00e4gime palju rakendeid kuid Noatak kenneli (kus k\u00fclas olime) kolm rakendit olid minu jaoks k\u00f5ige muljetavaldavamad. Mariin sai kaasa teha kogu 30 km teekonna,minul \u00f5nnestus kaasa s\u00f5ita viimased 10 km.K\u00f5ik koerad t\u00f6\u00f6tasid v\u00e4ga h\u00e4sti. V\u00e4ga suur kogemus ja muljetavaldav oli see,kui h\u00e4sti koerad kuuletusid k\u00e4sklustele. Kusjuures k\u00e4sklusi anti vaikse ja malbe h\u00e4\u00e4lega pisut s\u00f5nu venitadaes (meie oleme harjunud n\u00e4gema ja kuulma valjuh\u00e4\u00e4lseid k\u00e4sklusi v\u00f5istlustel ,mis on pigem koerte peale karjumine).<\/p>\n<p><a href=\"https:\/\/kelgukoerad.ee\/hellerkantri\/wp-content\/uploads\/2011\/10\/kristin_ja_mariin.jpg\"><img loading=\"lazy\" class=\"alignnone  wp-image-2404\" title=\"Kristin ja Mariin ja Noatak'si malamuudid\" src=\"https:\/\/kelgukoerad.ee\/hellerkantri\/wp-content\/uploads\/2011\/10\/kristin_ja_mariin.jpg\" alt=\"\" width=\"294\" height=\"183\" srcset=\"https:\/\/kelgukoerad.ee\/hellerkantri\/wp-content\/uploads\/2011\/10\/kristin_ja_mariin.jpg 720w, https:\/\/kelgukoerad.ee\/hellerkantri\/wp-content\/uploads\/2011\/10\/kristin_ja_mariin-600x375.jpg 600w, https:\/\/kelgukoerad.ee\/hellerkantri\/wp-content\/uploads\/2011\/10\/kristin_ja_mariin-300x187.jpg 300w\" sizes=\"(max-width: 294px) 100vw, 294px\" \/><\/a> <a href=\"https:\/\/kelgukoerad.ee\/hellerkantri\/wp-content\/uploads\/2011\/10\/helle_christer.jpg\"><img loading=\"lazy\" class=\"alignnone  wp-image-2405\" title=\"Helle ja Christer &amp; Noatak's malamuudid\" src=\"https:\/\/kelgukoerad.ee\/hellerkantri\/wp-content\/uploads\/2011\/10\/helle_christer.jpg\" alt=\"\" width=\"259\" height=\"183\" \/><\/a><br \/>\n<em>Esimesel pildil Mariin ja Kristin ning malamuudid stardis. Teisel pildil Helle ja Christer &#8211; viimased 10 km<\/em><\/p>\n<p>Ilm oli soe ja koertel lubati end jahutada tee\u00e4\u00e4rsetes ojades ja j\u00e4rvedes. Ka see toimus k\u00e4skluse saatel. Peale j\u00e4rves jahutamist p\u00f6\u00f6rdusid koerad tagasi teele ilma igasuguse viperuseta (kusagil ei l\u00e4inud midagi sassi).<\/p>\n<p><a href=\"https:\/\/kelgukoerad.ee\/hellerkantri\/wp-content\/uploads\/2011\/10\/noataks_mals3.jpg\"><img loading=\"lazy\" class=\"alignnone  wp-image-2407\" title=\"Noatak's malamuudid j\u00e4rves jahutamas\" src=\"https:\/\/kelgukoerad.ee\/hellerkantri\/wp-content\/uploads\/2011\/10\/noataks_mals3.jpg\" alt=\"\" width=\"384\" height=\"241\" srcset=\"https:\/\/kelgukoerad.ee\/hellerkantri\/wp-content\/uploads\/2011\/10\/noataks_mals3.jpg 720w, https:\/\/kelgukoerad.ee\/hellerkantri\/wp-content\/uploads\/2011\/10\/noataks_mals3-600x376.jpg 600w, https:\/\/kelgukoerad.ee\/hellerkantri\/wp-content\/uploads\/2011\/10\/noataks_mals3-300x187.jpg 300w\" sizes=\"(max-width: 384px) 100vw, 384px\" \/><\/a> <a href=\"https:\/\/kelgukoerad.ee\/hellerkantri\/wp-content\/uploads\/2011\/10\/noataks_mals2.jpg\"><img loading=\"lazy\" class=\"alignnone  wp-image-2408\" title=\"Noatak's mals\" src=\"https:\/\/kelgukoerad.ee\/hellerkantri\/wp-content\/uploads\/2011\/10\/noataks_mals2-479x600.jpg\" alt=\"\" width=\"190\" height=\"239\" srcset=\"https:\/\/kelgukoerad.ee\/hellerkantri\/wp-content\/uploads\/2011\/10\/noataks_mals2-479x600.jpg 479w, https:\/\/kelgukoerad.ee\/hellerkantri\/wp-content\/uploads\/2011\/10\/noataks_mals2-239x300.jpg 239w, https:\/\/kelgukoerad.ee\/hellerkantri\/wp-content\/uploads\/2011\/10\/noataks_mals2.jpg 575w\" sizes=\"(max-width: 190px) 100vw, 190px\" \/><\/a><\/p>\n<p>\u00d5htul veel enne \u00e4ra tulekut \u00f5nnestus meil <strong>Novesta<\/strong> n\u00f5usse saada \u00fche t\u00f6\u00f6ka valge isase malamuudiga nimega <strong>Noatak&#8217;s Kvitebj\u00f6rn Kong Valemon. <\/strong>Meie jaoks ei olnud isase valge v\u00e4rv oluline aspekt otsustamisel, sest otsisime<strong> tervet, hea iseloomuga (tolerantset ja rahulikku), enesekindlat, intelligentset ning\u00a0 tugevat ja t\u00f6\u00f6kat isast <\/strong>&#8211; selle ka saime! Kvitebj\u00f6rn on peremehe \u00fcks lemmik koertest ning sel hooajal on v\u00f5istleb Femundl\u00f6pet (pikamaav\u00f5istlus) tiimis.<\/p>\n<p><a href=\"https:\/\/kelgukoerad.ee\/hellerkantri\/wp-content\/uploads\/2011\/10\/novesta_kvitebj\u00f6rn.jpg\"><img loading=\"lazy\" class=\"alignnone  wp-image-2409\" title=\"Novesta x Kvitebj\u00f6rn\" src=\"https:\/\/kelgukoerad.ee\/hellerkantri\/wp-content\/uploads\/2011\/10\/novesta_kvitebj\u00f6rn.jpg\" alt=\"\" width=\"286\" height=\"205\" srcset=\"https:\/\/kelgukoerad.ee\/hellerkantri\/wp-content\/uploads\/2011\/10\/novesta_kvitebj\u00f6rn-600x433.jpg 600w, https:\/\/kelgukoerad.ee\/hellerkantri\/wp-content\/uploads\/2011\/10\/novesta_kvitebj\u00f6rn-300x216.jpg 300w\" sizes=\"(max-width: 286px) 100vw, 286px\" \/><\/a> <a href=\"https:\/\/kelgukoerad.ee\/hellerkantri\/wp-content\/uploads\/2011\/10\/vitus.jpg\"><img loading=\"lazy\" class=\"alignnone  wp-image-2410\" title=\"Vitus\" src=\"https:\/\/kelgukoerad.ee\/hellerkantri\/wp-content\/uploads\/2011\/10\/vitus.jpg\" alt=\"\" width=\"309\" height=\"206\" srcset=\"https:\/\/kelgukoerad.ee\/hellerkantri\/wp-content\/uploads\/2011\/10\/vitus.jpg 720w, https:\/\/kelgukoerad.ee\/hellerkantri\/wp-content\/uploads\/2011\/10\/vitus-600x401.jpg 600w, https:\/\/kelgukoerad.ee\/hellerkantri\/wp-content\/uploads\/2011\/10\/vitus-300x200.jpg 300w\" sizes=\"(max-width: 309px) 100vw, 309px\" \/><\/a><br \/>\n<em>Novesta &amp; Kvitebj\u00f6rn. Teisel fotol on Kvitebj\u00f6rni noorem vend, kes on temaga v\u00e4ga sarnane.<\/em><\/p>\n<p>Kutsika valimine oli paras p\u00e4hkel &#8211; k\u00f5ik kutsikad tundusid v\u00f5rdv\u00e4\u00e4rsed,kuid l\u00f5pliku otsuse tegime selle j\u00e4rgi,et perenaine \u00fctles korra,milline kutsikas on Christeri lemmik (jaa oleme m\u00f5jutatavad) ;-) Igatahes on meil n\u00fc\u00fcd kodus kasvamas uus isane malamuut <strong>Noatak&#8217;s Dreamteam Uyamik Du Ima<\/strong>, hea \u00f5nne korral s\u00fcndimas paari kuu p\u00e4rast pesakond ja kuhjaga muljeid t\u00f5eliste malamuutide kodust. <strong>Suured t\u00e4nud Kristin Esseth ja Christer Afs\u00e9er k\u00fclalislahkuse eest! See reis j\u00e4\u00e4b meile pikaks ajaks meelde!<br \/>\n<\/strong><\/p>\n<p><a href=\"https:\/\/kelgukoerad.ee\/hellerkantri\/wp-content\/uploads\/2011\/10\/01_10_2011_noataksuyamik.jpg\"><img loading=\"lazy\" class=\"alignnone  wp-image-2411\" title=\"viimane \u00f5htu\" src=\"https:\/\/kelgukoerad.ee\/hellerkantri\/wp-content\/uploads\/2011\/10\/01_10_2011_noataksuyamik-750x436.jpg\" alt=\"\" width=\"389\" height=\"226\" srcset=\"https:\/\/kelgukoerad.ee\/hellerkantri\/wp-content\/uploads\/2011\/10\/01_10_2011_noataksuyamik-750x436.jpg 750w, https:\/\/kelgukoerad.ee\/hellerkantri\/wp-content\/uploads\/2011\/10\/01_10_2011_noataksuyamik-600x349.jpg 600w, https:\/\/kelgukoerad.ee\/hellerkantri\/wp-content\/uploads\/2011\/10\/01_10_2011_noataksuyamik-300x174.jpg 300w, https:\/\/kelgukoerad.ee\/hellerkantri\/wp-content\/uploads\/2011\/10\/01_10_2011_noataksuyamik.jpg 1600w\" sizes=\"(max-width: 389px) 100vw, 389px\" \/><\/a> <a href=\"https:\/\/kelgukoerad.ee\/hellerkantri\/wp-content\/uploads\/2011\/10\/laeval.jpg\"><img loading=\"lazy\" class=\"alignnone  wp-image-2412\" title=\"Laeval\" src=\"https:\/\/kelgukoerad.ee\/hellerkantri\/wp-content\/uploads\/2011\/10\/laeval-433x600.jpg\" alt=\"\" width=\"162\" height=\"225\" srcset=\"https:\/\/kelgukoerad.ee\/hellerkantri\/wp-content\/uploads\/2011\/10\/laeval-433x600.jpg 433w, https:\/\/kelgukoerad.ee\/hellerkantri\/wp-content\/uploads\/2011\/10\/laeval-216x300.jpg 216w, https:\/\/kelgukoerad.ee\/hellerkantri\/wp-content\/uploads\/2011\/10\/laeval.jpg 520w\" sizes=\"(max-width: 162px) 100vw, 162px\" \/><\/a><br \/>\nViimane \u00f5htu. Kutsikas valitud!<\/p>\n","protected":false},"excerpt":{"rendered":"<p>5 in 1: vahva perereis Rootsis, kenneli Noatak&#8217;s k\u00fclastus, uue malamuudi kutsika toomine, Novesta paaritamine &amp; v\u00f5istlushooaja avamine rootslaste moodi. Nii v\u00e4heks on j\u00e4\u00e4nud t\u00f5eliselt h\u00e4id t\u00f6\u00f6malamuute maailmas&#8230; Pika otsimise peale otsustasime v\u00f5tta ette teekonna Rootsi, peaaegu Norra piiri \u00e4\u00e4rde, et kohtuda t\u00f5eliste t\u00f6\u00f6malamuutidega kennelis Noatak&#8217;s. Peremees Christer Afseer ja perenaine Kristin Esseth on malamuute&#8230; <\/p>\n","protected":false},"author":1,"featured_media":0,"comment_status":"closed","ping_status":"closed","sticky":false,"template":"","format":"standard","meta":{"_monsterinsights_skip_tracking":false,"_monsterinsights_sitenote_active":false,"_monsterinsights_sitenote_note":"","_monsterinsights_sitenote_category":0},"categories":[1],"tags":[],"yoast_head":"<!-- This site is optimized with the Yoast SEO plugin v14.9 - https:\/\/yoast.com\/wordpress\/plugins\/seo\/ -->\n<title>K\u00fclas t\u00f5elistel t\u00f6\u00f6malamuutidel Rootsis - Hellerkantri Huskypark<\/title>\n<meta name=\"robots\" content=\"index, follow, max-snippet:-1, max-image-preview:large, max-video-preview:-1\" \/>\n<link rel=\"canonical\" href=\"https:\/\/kelgukoerad.ee\/hellerkantri\/kulas-toelistel-toomalamuutidel-rootsis\/\" \/>\n<meta property=\"og:locale\" content=\"en_US\" \/>\n<meta property=\"og:type\" content=\"article\" \/>\n<meta property=\"og:title\" content=\"K\u00fclas t\u00f5elistel t\u00f6\u00f6malamuutidel Rootsis - Hellerkantri Huskypark\" \/>\n<meta property=\"og:description\" content=\"5 in 1: vahva perereis Rootsis, kenneli Noatak&#8217;s k\u00fclastus, uue malamuudi kutsika toomine, Novesta paaritamine &amp; v\u00f5istlushooaja avamine rootslaste moodi. Nii v\u00e4heks on j\u00e4\u00e4nud t\u00f5eliselt h\u00e4id t\u00f6\u00f6malamuute maailmas... Pika otsimise peale otsustasime v\u00f5tta ette teekonna Rootsi, peaaegu Norra piiri \u00e4\u00e4rde, et kohtuda t\u00f5eliste t\u00f6\u00f6malamuutidega kennelis Noatak&#8217;s. Peremees Christer Afseer ja perenaine Kristin Esseth on malamuute...\" \/>\n<meta property=\"og:url\" content=\"https:\/\/kelgukoerad.ee\/hellerkantri\/kulas-toelistel-toomalamuutidel-rootsis\/\" \/>\n<meta property=\"og:site_name\" content=\"Hellerkantri Huskypark\" \/>\n<meta property=\"article:published_time\" content=\"2011-10-06T16:15:24+00:00\" \/>\n<meta property=\"article:modified_time\" content=\"2012-10-29T14:26:17+00:00\" \/>\n<meta property=\"og:image\" content=\"https:\/\/kelgukoerad.ee\/hellerkantri\/wp-content\/uploads\/2011\/10\/noataks_malamutes.jpg\" \/>\n<meta name=\"twitter:card\" content=\"summary_large_image\" \/>\n<script type=\"application\/ld+json\" class=\"yoast-schema-graph\">{\"@context\":\"https:\/\/schema.org\",\"@graph\":[{\"@type\":\"WebSite\",\"@id\":\"https:\/\/kelgukoerad.ee\/hellerkantri\/#website\",\"url\":\"https:\/\/kelgukoerad.ee\/hellerkantri\/\",\"name\":\"Hellerkantri Huskypark\",\"description\":\"Hellerkantri Huskypark - kelgukoerte kasvandus ja talu Raplamaal\",\"potentialAction\":[{\"@type\":\"SearchAction\",\"target\":\"https:\/\/kelgukoerad.ee\/hellerkantri\/?s={search_term_string}\",\"query-input\":\"required name=search_term_string\"}],\"inLanguage\":\"en-US\"},{\"@type\":\"ImageObject\",\"@id\":\"https:\/\/kelgukoerad.ee\/hellerkantri\/kulas-toelistel-toomalamuutidel-rootsis\/#primaryimage\",\"inLanguage\":\"en-US\",\"url\":\"https:\/\/kelgukoerad.ee\/hellerkantri\/wp-content\/uploads\/2011\/10\/noataks_malamutes.jpg\",\"width\":720,\"height\":481},{\"@type\":\"WebPage\",\"@id\":\"https:\/\/kelgukoerad.ee\/hellerkantri\/kulas-toelistel-toomalamuutidel-rootsis\/#webpage\",\"url\":\"https:\/\/kelgukoerad.ee\/hellerkantri\/kulas-toelistel-toomalamuutidel-rootsis\/\",\"name\":\"K\\u00fclas t\\u00f5elistel t\\u00f6\\u00f6malamuutidel Rootsis - Hellerkantri Huskypark\",\"isPartOf\":{\"@id\":\"https:\/\/kelgukoerad.ee\/hellerkantri\/#website\"},\"primaryImageOfPage\":{\"@id\":\"https:\/\/kelgukoerad.ee\/hellerkantri\/kulas-toelistel-toomalamuutidel-rootsis\/#primaryimage\"},\"datePublished\":\"2011-10-06T16:15:24+00:00\",\"dateModified\":\"2012-10-29T14:26:17+00:00\",\"author\":{\"@id\":\"https:\/\/kelgukoerad.ee\/hellerkantri\/#\/schema\/person\/52bcfad50cde31b4fa908d7a5933065b\"},\"inLanguage\":\"en-US\",\"potentialAction\":[{\"@type\":\"ReadAction\",\"target\":[\"https:\/\/kelgukoerad.ee\/hellerkantri\/kulas-toelistel-toomalamuutidel-rootsis\/\"]}]},{\"@type\":\"Person\",\"@id\":\"https:\/\/kelgukoerad.ee\/hellerkantri\/#\/schema\/person\/52bcfad50cde31b4fa908d7a5933065b\",\"name\":\"hellerkantri\",\"image\":{\"@type\":\"ImageObject\",\"@id\":\"https:\/\/kelgukoerad.ee\/hellerkantri\/#personlogo\",\"inLanguage\":\"en-US\",\"url\":\"https:\/\/secure.gravatar.com\/avatar\/113fea81ec808669ac1f2f484b615c4a?s=96&d=retro&r=g\",\"caption\":\"hellerkantri\"}}]}<\/script>\n<!-- \/ Yoast SEO plugin. -->","_links":{"self":[{"href":"https:\/\/kelgukoerad.ee\/hellerkantri\/wp-json\/wp\/v2\/posts\/2386"}],"collection":[{"href":"https:\/\/kelgukoerad.ee\/hellerkantri\/wp-json\/wp\/v2\/posts"}],"about":[{"href":"https:\/\/kelgukoerad.ee\/hellerkantri\/wp-json\/wp\/v2\/types\/post"}],"author":[{"embeddable":true,"href":"https:\/\/kelgukoerad.ee\/hellerkantri\/wp-json\/wp\/v2\/users\/1"}],"replies":[{"embeddable":true,"href":"https:\/\/kelgukoerad.ee\/hellerkantri\/wp-json\/wp\/v2\/comments?post=2386"}],"version-history":[{"count":18,"href":"https:\/\/kelgukoerad.ee\/hellerkantri\/wp-json\/wp\/v2\/posts\/2386\/revisions"}],"predecessor-version":[{"id":2394,"href":"https:\/\/kelgukoerad.ee\/hellerkantri\/wp-json\/wp\/v2\/posts\/2386\/revisions\/2394"}],"wp:attachment":[{"href":"https:\/\/kelgukoerad.ee\/hellerkantri\/wp-json\/wp\/v2\/media?parent=2386"}],"wp:term":[{"taxonomy":"category","embeddable":true,"href":"https:\/\/kelgukoerad.ee\/hellerkantri\/wp-json\/wp\/v2\/categories?post=2386"},{"taxonomy":"post_tag","embeddable":true,"href":"https:\/\/kelgukoerad.ee\/hellerkantri\/wp-json\/wp\/v2\/tags?post=2386"}],"curies":[{"name":"wp","href":"https:\/\/api.w.org\/{rel}","templated":true}]}}