{"id":2471,"date":"2011-10-26T18:14:22","date_gmt":"2011-10-26T16:14:22","guid":{"rendered":"http:\/\/kelgukoerad.ee\/hellerkantri\/?p=2471"},"modified":"2011-10-26T18:44:00","modified_gmt":"2011-10-26T16:44:00","slug":"balti-karikasari-ii-kohaga-lopetatud-etapivoistlusel-dr4-klassis-esimene","status":"publish","type":"post","link":"https:\/\/kelgukoerad.ee\/hellerkantri\/balti-karikasari-ii-kohaga-lopetatud-etapivoistlusel-dr4-klassis-esimene\/","title":{"rendered":"Balti karikasari II kohaga l\u00f5petatud! Etapiv\u00f5istlusel DR4 klassis esimene!"},"content":{"rendered":"<p><strong>Baltic Cup Dryland 2011<\/strong> ehk Balti karikasari sulamaa aladel on selleks korraks l\u00f5petatud. Kokku korraldati <strong>5 etappi:<\/strong> esimene kevadel Leedus, teine juunikuus St.Peterburgis, kolmas septembris Eestis, neljas Poolas ja finaal L\u00e4tis. <strong>Mariin<\/strong> osales Leedu, Eesti ja L\u00e4ti etappidel <strong>2-koera t\u00f5ukeratta klassis<\/strong> p\u00f5hjamaiste t\u00f5ugude arvestuses (DS2NB) . Kolmelt etapilt kogus ta 58 punkti ning tuli <strong>kokkuv\u00f5ttes II kohale.<\/strong><\/p>\n<p><strong>22-23.oktoobril<\/strong> k\u00e4isime<strong> finaalv\u00f5istlusel.<\/strong> Lisaks DS2 klassis osales <strong>Mariin 4-koera k\u00e4ruklassis<\/strong> (DR4NB) kus tuli siberi huskyde <strong>Zipo,Zero, Zissy ja Roccoga esimeseks!<\/strong> <strong>Jaanus<\/strong> osales <strong>6-koera k\u00e4ruklassis<\/strong> (DR6NB) kuid kahjuks oli hommikune v\u00f5istlusrada korraldajate poolt kontrollimata ja teepiirded olid valesti maas ning seet\u00f5ttu s\u00f5itsid nad rakendiga umbes 3km suuruse lisaringi ning otsustasid v\u00f5istluse katkestada. Distants oli ligikaudu <strong>5 km<\/strong>, raske rada kiiruse arendamiseks (k\u00fcnkad, kurvid, liivane rada) kuid hea vastupidavuss\u00f5it koertele.<\/p>\n<p><strong>J\u00e4rgmine v\u00f5istlus on&#8230;. maailmameistriv\u00f5istlused sulamaa-aladel Saksamaal! DR4 klass, huskyd Zipo, Zero, Zissy, Rocco \/ Zimo, rakendijuht Mariin Kaljula. Toetajaskond Helle ja Jaanus Kaljula. Eestit esindavad veel \u00dclle-Aaslav Kaasik DS2NB klassis ja Ott Reppo DCMJ2 klassis (koerakross).<\/strong><\/p>\n<p><a href=\"https:\/\/kelgukoerad.ee\/hellerkantri\/wp-content\/uploads\/2011\/10\/ds2nb.jpg\"><img loading=\"lazy\" class=\"alignnone size-full wp-image-2474\" title=\"DS2NB - Mariin ja huskyd Zorro &amp; Zimo\" src=\"https:\/\/kelgukoerad.ee\/hellerkantri\/wp-content\/uploads\/2011\/10\/ds2nb.jpg\" alt=\"\" width=\"263\" height=\"324\" srcset=\"https:\/\/kelgukoerad.ee\/hellerkantri\/wp-content\/uploads\/2011\/10\/ds2nb.jpg 486w, https:\/\/kelgukoerad.ee\/hellerkantri\/wp-content\/uploads\/2011\/10\/ds2nb-243x300.jpg 243w\" sizes=\"(max-width: 263px) 100vw, 263px\" \/> <\/a><a href=\"https:\/\/kelgukoerad.ee\/hellerkantri\/wp-content\/uploads\/2011\/10\/DR4NB.jpg\"><img loading=\"lazy\" class=\"alignnone size-full wp-image-2476\" title=\"DR4NB - Mariin ja huskyd Rocco, Zipo, Zissy, Zero\" src=\"https:\/\/kelgukoerad.ee\/hellerkantri\/wp-content\/uploads\/2011\/10\/DR4NB.jpg\" alt=\"\" width=\"455\" height=\"323\" srcset=\"https:\/\/kelgukoerad.ee\/hellerkantri\/wp-content\/uploads\/2011\/10\/DR4NB.jpg 600w, https:\/\/kelgukoerad.ee\/hellerkantri\/wp-content\/uploads\/2011\/10\/DR4NB-300x213.jpg 300w\" sizes=\"(max-width: 455px) 100vw, 455px\" \/><\/a><a href=\"https:\/\/kelgukoerad.ee\/hellerkantri\/wp-content\/uploads\/2011\/10\/ds2nb.jpg\"><br \/>\n<\/a><em>Esimene foto by Paulius Stravinskas<\/em><em>. Teine foto by Zilvinas Dobrovolskas<br \/>\n<\/em>Fotol Mariin Kaljula ja huskyd Zorro ja Zimo, teisel fotol Rocco, Zipo, Zissy ja Zero.<em><br \/>\n<\/em><\/p>\n<p><a href=\"https:\/\/kelgukoerad.ee\/hellerkantri\/wp-content\/uploads\/2011\/10\/dr6nb.jpg\"><img loading=\"lazy\" class=\"alignnone size-full wp-image-2480\" title=\"dr6nb\" src=\"https:\/\/kelgukoerad.ee\/hellerkantri\/wp-content\/uploads\/2011\/10\/dr6nb.jpg\" alt=\"\" width=\"501\" height=\"334\" srcset=\"https:\/\/kelgukoerad.ee\/hellerkantri\/wp-content\/uploads\/2011\/10\/dr6nb.jpg 720w, https:\/\/kelgukoerad.ee\/hellerkantri\/wp-content\/uploads\/2011\/10\/dr6nb-300x200.jpg 300w\" sizes=\"(max-width: 501px) 100vw, 501px\" \/> <\/a><a href=\"https:\/\/kelgukoerad.ee\/hellerkantri\/wp-content\/uploads\/2011\/10\/dr6nb_jaanuskaljula.jpg\"><img loading=\"lazy\" class=\"alignnone size-large wp-image-2482\" title=\"DR6NB Jaanus Kaljula \" src=\"https:\/\/kelgukoerad.ee\/hellerkantri\/wp-content\/uploads\/2011\/10\/dr6nb_jaanuskaljula-396x600.jpg\" alt=\"\" width=\"221\" height=\"334\" srcset=\"https:\/\/kelgukoerad.ee\/hellerkantri\/wp-content\/uploads\/2011\/10\/dr6nb_jaanuskaljula-396x600.jpg 396w, https:\/\/kelgukoerad.ee\/hellerkantri\/wp-content\/uploads\/2011\/10\/dr6nb_jaanuskaljula-198x300.jpg 198w, https:\/\/kelgukoerad.ee\/hellerkantri\/wp-content\/uploads\/2011\/10\/dr6nb_jaanuskaljula.jpg 528w\" sizes=\"(max-width: 221px) 100vw, 221px\" \/><\/a><em><em><br \/>\nEsimene foto by <\/em><em>Zilvinas Dobrovolskas, teine foto by Paulius Stravinskas.<br \/>\n<\/em><\/em>Fotol Jaanus Kaljula ja huskyd Kiisu, Zuuzy, Zalla, Keiju, Zenni.<\/p>\n","protected":false},"excerpt":{"rendered":"<p>Baltic Cup Dryland 2011 ehk Balti karikasari sulamaa aladel on selleks korraks l\u00f5petatud. Kokku korraldati 5 etappi: esimene kevadel Leedus, teine juunikuus St.Peterburgis, kolmas septembris Eestis, neljas Poolas ja finaal L\u00e4tis. Mariin osales Leedu, Eesti ja L\u00e4ti etappidel 2-koera t\u00f5ukeratta klassis p\u00f5hjamaiste t\u00f5ugude arvestuses (DS2NB) . Kolmelt etapilt kogus ta 58 punkti ning tuli kokkuv\u00f5ttes&#8230; <\/p>\n","protected":false},"author":1,"featured_media":0,"comment_status":"closed","ping_status":"closed","sticky":false,"template":"","format":"standard","meta":{"_monsterinsights_skip_tracking":false,"_monsterinsights_sitenote_active":false,"_monsterinsights_sitenote_note":"","_monsterinsights_sitenote_category":0},"categories":[1],"tags":[],"yoast_head":"<!-- This site is optimized with the Yoast SEO plugin v14.9 - https:\/\/yoast.com\/wordpress\/plugins\/seo\/ -->\n<title>Balti karikasari II kohaga l\u00f5petatud! Etapiv\u00f5istlusel DR4 klassis esimene! - Hellerkantri Huskypark<\/title>\n<meta name=\"robots\" content=\"index, follow, max-snippet:-1, max-image-preview:large, max-video-preview:-1\" \/>\n<link rel=\"canonical\" href=\"https:\/\/kelgukoerad.ee\/hellerkantri\/balti-karikasari-ii-kohaga-lopetatud-etapivoistlusel-dr4-klassis-esimene\/\" \/>\n<meta property=\"og:locale\" content=\"en_US\" \/>\n<meta property=\"og:type\" content=\"article\" \/>\n<meta property=\"og:title\" content=\"Balti karikasari II kohaga l\u00f5petatud! Etapiv\u00f5istlusel DR4 klassis esimene! - Hellerkantri Huskypark\" \/>\n<meta property=\"og:description\" content=\"Baltic Cup Dryland 2011 ehk Balti karikasari sulamaa aladel on selleks korraks l\u00f5petatud. Kokku korraldati 5 etappi: esimene kevadel Leedus, teine juunikuus St.Peterburgis, kolmas septembris Eestis, neljas Poolas ja finaal L\u00e4tis. Mariin osales Leedu, Eesti ja L\u00e4ti etappidel 2-koera t\u00f5ukeratta klassis p\u00f5hjamaiste t\u00f5ugude arvestuses (DS2NB) . Kolmelt etapilt kogus ta 58 punkti ning tuli kokkuv\u00f5ttes...\" \/>\n<meta property=\"og:url\" content=\"https:\/\/kelgukoerad.ee\/hellerkantri\/balti-karikasari-ii-kohaga-lopetatud-etapivoistlusel-dr4-klassis-esimene\/\" \/>\n<meta property=\"og:site_name\" content=\"Hellerkantri Huskypark\" \/>\n<meta property=\"article:published_time\" content=\"2011-10-26T16:14:22+00:00\" \/>\n<meta property=\"article:modified_time\" content=\"2011-10-26T16:44:00+00:00\" \/>\n<meta property=\"og:image\" content=\"https:\/\/kelgukoerad.ee\/hellerkantri\/wp-content\/uploads\/2011\/10\/ds2nb.jpg\" \/>\n<meta name=\"twitter:card\" content=\"summary_large_image\" \/>\n<script type=\"application\/ld+json\" class=\"yoast-schema-graph\">{\"@context\":\"https:\/\/schema.org\",\"@graph\":[{\"@type\":\"WebSite\",\"@id\":\"https:\/\/kelgukoerad.ee\/hellerkantri\/#website\",\"url\":\"https:\/\/kelgukoerad.ee\/hellerkantri\/\",\"name\":\"Hellerkantri Huskypark\",\"description\":\"Hellerkantri Huskypark - kelgukoerte kasvandus ja talu Raplamaal\",\"potentialAction\":[{\"@type\":\"SearchAction\",\"target\":\"https:\/\/kelgukoerad.ee\/hellerkantri\/?s={search_term_string}\",\"query-input\":\"required name=search_term_string\"}],\"inLanguage\":\"en-US\"},{\"@type\":\"ImageObject\",\"@id\":\"https:\/\/kelgukoerad.ee\/hellerkantri\/balti-karikasari-ii-kohaga-lopetatud-etapivoistlusel-dr4-klassis-esimene\/#primaryimage\",\"inLanguage\":\"en-US\",\"url\":\"https:\/\/kelgukoerad.ee\/hellerkantri\/wp-content\/uploads\/2011\/10\/ds2nb.jpg\",\"width\":486,\"height\":600},{\"@type\":\"WebPage\",\"@id\":\"https:\/\/kelgukoerad.ee\/hellerkantri\/balti-karikasari-ii-kohaga-lopetatud-etapivoistlusel-dr4-klassis-esimene\/#webpage\",\"url\":\"https:\/\/kelgukoerad.ee\/hellerkantri\/balti-karikasari-ii-kohaga-lopetatud-etapivoistlusel-dr4-klassis-esimene\/\",\"name\":\"Balti karikasari II kohaga l\\u00f5petatud! Etapiv\\u00f5istlusel DR4 klassis esimene! - Hellerkantri Huskypark\",\"isPartOf\":{\"@id\":\"https:\/\/kelgukoerad.ee\/hellerkantri\/#website\"},\"primaryImageOfPage\":{\"@id\":\"https:\/\/kelgukoerad.ee\/hellerkantri\/balti-karikasari-ii-kohaga-lopetatud-etapivoistlusel-dr4-klassis-esimene\/#primaryimage\"},\"datePublished\":\"2011-10-26T16:14:22+00:00\",\"dateModified\":\"2011-10-26T16:44:00+00:00\",\"author\":{\"@id\":\"https:\/\/kelgukoerad.ee\/hellerkantri\/#\/schema\/person\/52bcfad50cde31b4fa908d7a5933065b\"},\"inLanguage\":\"en-US\",\"potentialAction\":[{\"@type\":\"ReadAction\",\"target\":[\"https:\/\/kelgukoerad.ee\/hellerkantri\/balti-karikasari-ii-kohaga-lopetatud-etapivoistlusel-dr4-klassis-esimene\/\"]}]},{\"@type\":\"Person\",\"@id\":\"https:\/\/kelgukoerad.ee\/hellerkantri\/#\/schema\/person\/52bcfad50cde31b4fa908d7a5933065b\",\"name\":\"hellerkantri\",\"image\":{\"@type\":\"ImageObject\",\"@id\":\"https:\/\/kelgukoerad.ee\/hellerkantri\/#personlogo\",\"inLanguage\":\"en-US\",\"url\":\"https:\/\/secure.gravatar.com\/avatar\/113fea81ec808669ac1f2f484b615c4a?s=96&d=retro&r=g\",\"caption\":\"hellerkantri\"}}]}<\/script>\n<!-- \/ Yoast SEO plugin. -->","_links":{"self":[{"href":"https:\/\/kelgukoerad.ee\/hellerkantri\/wp-json\/wp\/v2\/posts\/2471"}],"collection":[{"href":"https:\/\/kelgukoerad.ee\/hellerkantri\/wp-json\/wp\/v2\/posts"}],"about":[{"href":"https:\/\/kelgukoerad.ee\/hellerkantri\/wp-json\/wp\/v2\/types\/post"}],"author":[{"embeddable":true,"href":"https:\/\/kelgukoerad.ee\/hellerkantri\/wp-json\/wp\/v2\/users\/1"}],"replies":[{"embeddable":true,"href":"https:\/\/kelgukoerad.ee\/hellerkantri\/wp-json\/wp\/v2\/comments?post=2471"}],"version-history":[{"count":14,"href":"https:\/\/kelgukoerad.ee\/hellerkantri\/wp-json\/wp\/v2\/posts\/2471\/revisions"}],"predecessor-version":[{"id":2490,"href":"https:\/\/kelgukoerad.ee\/hellerkantri\/wp-json\/wp\/v2\/posts\/2471\/revisions\/2490"}],"wp:attachment":[{"href":"https:\/\/kelgukoerad.ee\/hellerkantri\/wp-json\/wp\/v2\/media?parent=2471"}],"wp:term":[{"taxonomy":"category","embeddable":true,"href":"https:\/\/kelgukoerad.ee\/hellerkantri\/wp-json\/wp\/v2\/categories?post=2471"},{"taxonomy":"post_tag","embeddable":true,"href":"https:\/\/kelgukoerad.ee\/hellerkantri\/wp-json\/wp\/v2\/tags?post=2471"}],"curies":[{"name":"wp","href":"https:\/\/api.w.org\/{rel}","templated":true}]}}