{"id":6141,"date":"2014-05-21T14:29:00","date_gmt":"2014-05-21T12:29:00","guid":{"rendered":"http:\/\/kelgukoerad.ee\/hellerkantri\/?p=6141"},"modified":"2014-05-28T13:14:07","modified_gmt":"2014-05-28T11:14:07","slug":"balto-kevadkarikal-said-esimese-voistluskogemuse-mitu-kasvandikud","status":"publish","type":"post","link":"https:\/\/kelgukoerad.ee\/hellerkantri\/balto-kevadkarikal-said-esimese-voistluskogemuse-mitu-kasvandikud\/","title":{"rendered":"Balto Kevadkarikal said esimese v\u00f5istluskogemuse mitmed kasvandikud"},"content":{"rendered":"<p>Kevadise\u00a0v\u00f5istluse\u00a0korraldamise m\u00f5te tekkis p\u00e4rast Balto Talvekarikas 2014 t\u00fchistamist lume puudumise t\u00f5ttu. Meie kasvandike Panda ja Focuse omanik <strong>Sergei<\/strong> r\u00e4\u00e4kis juba ammu, et tema kodu l\u00e4hedal <strong>Paliveres on head rajad<\/strong>, kus saaks v\u00f5istlust korralda. Otsustasime Palivere v\u00f5imalustega tutvuma minna ning me ei pidanud kordagi pettuma! Rajad olid v\u00e4ga head, kohalikud abivalmid ja toetavad.<\/p>\n<p>Kuna oleme perega <a href=\"http:\/\/baltosport.ee\" target=\"_blank\">Kelgukoerte Klubi Baltosport<\/a> eestvedajad siis sai otsus langetatud ning v\u00f5istlus v\u00e4lja kuulutatud. <strong>Osalejaid registreeru<\/strong><strong>s ligi 80<\/strong> jagunedes erinevatesse\u00a0kategooriatesse, milleks olid: <strong>1- ja 2-koera t\u00f5ukerattavedu, jalgrattavedu<\/strong> (mehed ja naised)<strong> ning koerakrossi klassid<\/strong> (mehed ja naised). <strong>P\u00f5hjamaised kelgukoerad jagasime klasside t\u00e4ituvusel A ja B gruppi<\/strong>, esimesse (A) kuuluvad siberi huskyd, kes on p\u00f5hjamaistest kelgukoertest k\u00f5ige kiiremad ning teise gruppi (B) alaska malamuudid, samojeedi &#8211; ja gr\u00f6\u00f6ni koerad.<\/p>\n<p><a href=\"https:\/\/kelgukoerad.ee\/hellerkantri\/wp-content\/uploads\/2014\/05\/kelgukoerad4.jpg\"><img loading=\"lazy\" class=\"alignnone  wp-image-6164\" src=\"https:\/\/kelgukoerad.ee\/hellerkantri\/wp-content\/uploads\/2014\/05\/kelgukoerad4.jpg\" alt=\"Joosep ja Elli\" width=\"629\" height=\"656\" \/><\/a><a href=\"https:\/\/kelgukoerad.ee\/hellerkantri\/wp-content\/uploads\/2014\/05\/kelgukoerad4.jpg\"><br \/>\n<\/a><em>Siberi huskyd Hellerkantri Mary Poppins ja Aptorhome\u00a0<\/em><em>Rocco stake out&#8217;is<\/em><\/p>\n<p>K\u00f5ikidel abilistel olid \u00fclesanded jaotatud ning seet\u00f5ttu saime ka ise v\u00f5istlejatena osa v\u00f5tta. Tegin kaks starti DS2 NB A-grupis Meeri &#8211; Roccoga\u00a0<strong>4.koht<\/strong>\u00a0ja Elli &#8211; Zeroga<strong>\u00a05.koht<\/strong>, Helle DS2 NB B-grupis Yamiku ja Hopsaga\u00a0<strong>4.koht.\u00a0<\/strong>V\u00f5istlusest v\u00f5tsid osa hulganisti\u00a0ka meie kasvandikke ja nende omanikke, kes saavutasid suurep\u00e4raseid tulemusi. Paljude osalejate jaoks oli Balto Kevadkarikas esimeseks v\u00f5istluskogemuseks, loodetavasti said k\u00f5ik sellest indu juurde.\u00a0<span style=\"color: #ff6600;\">Kahep\u00e4evane\u00a0kelgukoerte v\u00f5istlus\u00a0toimub Paliveres juba s\u00fcgisel, 4.-5.oktoobril 2014<\/span><\/p>\n<p><strong>Meie kasvandike\u00a0tulemused:<br \/>\n<\/strong><span style=\"color: #3366ff;\">BJW jalgrattaklassid, 3,46 km<\/span><br \/>\n<strong>3.koht<\/strong>\u00a0Liane Lubi ja siberi husky Hellerkantri Zalto<br \/>\n4.koht Marit Kuus ja malamuut Hellerkantri Barny Bear, <strong>kiirem malamuut BJW klassis!<\/strong><br \/>\n5.koht K\u00e4tlin Veidik ja malamuut Hellerkantri Akiira<\/p>\n<p><span style=\"color: #3366ff;\">DS1 NB A-grupp ja DS2 NB B-grupp t\u00f5ukeratta klassid, 3,46 km<\/span><br \/>\n<strong>1.koht<\/strong>\u00a0Alice Lindlo ja siberi husky Hellerkantri Nelle (DS1 A grupp)<br \/>\n<strong>2.koht<\/strong>\u00a0Ulvi Lukk ja malamuudid Hellerkantri Bj\u00f6rni Boy ning Kuuksaare Tayla (DS2 B-grupp)<br \/>\n5.koht Miko Salum\u00e4e ja malamuudid Hellerkantri Londa ja Hellerkantri\u00a0Ford Mustang (DS2 B-.), <strong>esimene v\u00f5istlus!<\/strong><br \/>\n5.koht Aigar Kuus ja malamuut Hellerkantri Jessy (DS1 B-grupp)<\/p>\n<p><span style=\"color: #3366ff;\">DCW koerakross naised 3,46 km<\/span><br \/>\n8.koht Marit Kuus ja siberi husky Hellerkantri H\u00e4rra Nilsson<br \/>\n10.koht Astrid R\u00f5igas ja malamuut Hellerkantri Dada Dalya,\u00a0<strong>parim veteran! Esimene v\u00f5istlus!<\/strong><br \/>\n12.koht Karina Koppel ja malamuut Hellerkantri Fiona Panda,\u00a0<strong>kiirem malamuut DCW klassis! Esimene v\u00f5istlus!<\/strong><br \/>\n15.koht Karolin Tohv ja malamuut Hellerkantri Helly, <strong>esimene v\u00f5istlus!<\/strong><\/p>\n<p><em><a href=\"https:\/\/kelgukoerad.ee\/hellerkantri\/wp-content\/uploads\/2014\/05\/Balto-Kevadkarikas-2014-foto-37.jpg\"><img loading=\"lazy\" class=\"alignnone  wp-image-6144\" src=\"https:\/\/kelgukoerad.ee\/hellerkantri\/wp-content\/uploads\/2014\/05\/Balto-Kevadkarikas-2014-foto-37.jpg\" alt=\"Karolin ja Helly\" width=\"635\" height=\"663\" \/><br \/>\n<\/a><\/em><em>Karolin ja Helly<\/em><\/p>\n<p><span style=\"color: #3366ff;\">DCK2 laste koerakrossid ja tillude jooks 800 m<\/span><br \/>\n<strong>1.koht<\/strong>\u00a0Kristjan Lindlo ja siberi husky Hellerkantri Nelle<br \/>\n<strong>2.koht<\/strong>\u00a0Joosep Kaljula ja siberi husky Hellerkantri Sinella<br \/>\n<strong>2.koht<\/strong>\u00a0Hendrik Kuus ja malamuut Hellerkantri Barny Bear (tillude jooks)<br \/>\n5.koht Erich Veidik ja siberi husky Hellerkantri Zero<br \/>\n7.koht Levo Lukk ja alaska malamuut Hellerkantri Bj\u00f6rni\u00a0Boy<\/p>\n<p><a href=\"https:\/\/kelgukoerad.ee\/hellerkantri\/wp-content\/uploads\/2014\/05\/Balto-Kevadkarikas-2014-foto-48.jpg\"><img loading=\"lazy\" class=\"alignnone  wp-image-6172\" src=\"https:\/\/kelgukoerad.ee\/hellerkantri\/wp-content\/uploads\/2014\/05\/Balto-Kevadkarikas-2014-foto-48.jpg\" alt=\"Balto-Kevadkarikas-2014-foto-48\" width=\"635\" height=\"663\" \/><br \/>\n<\/a><em>Joosepi esimene v\u00f5istlus<\/em><\/p>\n<p><span style=\"color: #ff6600;\">T\u00e4nud\u00a0meie\u00a0kasvandike omanikele, kes v\u00f5istlusele osalema tulid v\u00f5i oma koera laenasid. Suured t\u00e4nud k\u00f5igile, kes Balto Kevadkarika kordaminekule kaasa aitasid. Erilised t\u00e4nud perek. Koppel&#8217;itele!<\/span><\/p>\n<p><strong>V\u00f5istluse tulemused:<\/strong>\u00a0<a href=\"https:\/\/docs.google.com\/spreadsheets\/d\/1ScSMJnXsHXtBtVeMAygc1p8f4KonPN3Y4ONsyPEf5gw\/edit#gid=340916416\" target=\"_blank\">Balto Kevadkarikas 2014<\/a><br \/>\n<strong>Loe lisaks Helle kirjutatud artiklit:<\/strong>\u00a0<a href=\"http:\/\/baltosport.ee\/laanlases-ilmus-artikkel-balto-kevadkarika-voistlusest\/\" target=\"_blank\">L\u00e4\u00e4nlases ilmus artikkel Balto Kevadkarika v\u00f5istlusest<br \/>\n<\/a><strong>Vaata lisaks Mariini ja Joosepi tehtud v\u00f5istluse fotosid:<\/strong> <a href=\"https:\/\/www.facebook.com\/media\/set\/?set=a.727789203910718.1073741831.373951742627801&amp;type=1\" target=\"_blank\">Kevadkarika album<\/a><\/p>\n","protected":false},"excerpt":{"rendered":"<p>Kevadise\u00a0v\u00f5istluse\u00a0korraldamise m\u00f5te tekkis p\u00e4rast Balto Talvekarikas 2014 t\u00fchistamist lume puudumise t\u00f5ttu. Meie kasvandike Panda ja Focuse omanik Sergei r\u00e4\u00e4kis juba ammu, et tema kodu l\u00e4hedal Paliveres on head rajad, kus saaks v\u00f5istlust korralda. Otsustasime Palivere v\u00f5imalustega tutvuma minna ning me ei pidanud kordagi pettuma! Rajad olid v\u00e4ga head, kohalikud abivalmid ja toetavad. Kuna oleme perega&#8230; <\/p>\n","protected":false},"author":1,"featured_media":0,"comment_status":"closed","ping_status":"open","sticky":false,"template":"","format":"standard","meta":{"_monsterinsights_skip_tracking":false,"_monsterinsights_sitenote_active":false,"_monsterinsights_sitenote_note":"","_monsterinsights_sitenote_category":0},"categories":[26,75,47,46,54,1],"tags":[97,6,18,101,28,11,16,76,22,8,29,10,36,44,37,99,48],"yoast_head":"<!-- This site is optimized with the Yoast SEO plugin v14.9 - https:\/\/yoast.com\/wordpress\/plugins\/seo\/ -->\n<title>Balto Kevadkarikal said esimese v\u00f5istluskogemuse mitmed kasvandikud - Hellerkantri Huskypark<\/title>\n<meta name=\"robots\" content=\"index, follow, max-snippet:-1, max-image-preview:large, max-video-preview:-1\" \/>\n<link rel=\"canonical\" href=\"https:\/\/kelgukoerad.ee\/hellerkantri\/balto-kevadkarikal-said-esimese-voistluskogemuse-mitu-kasvandikud\/\" \/>\n<meta property=\"og:locale\" content=\"en_US\" \/>\n<meta property=\"og:type\" content=\"article\" \/>\n<meta property=\"og:title\" content=\"Balto Kevadkarikal said esimese v\u00f5istluskogemuse mitmed kasvandikud - Hellerkantri Huskypark\" \/>\n<meta property=\"og:description\" content=\"Kevadise\u00a0v\u00f5istluse\u00a0korraldamise m\u00f5te tekkis p\u00e4rast Balto Talvekarikas 2014 t\u00fchistamist lume puudumise t\u00f5ttu. Meie kasvandike Panda ja Focuse omanik Sergei r\u00e4\u00e4kis juba ammu, et tema kodu l\u00e4hedal Paliveres on head rajad, kus saaks v\u00f5istlust korralda. Otsustasime Palivere v\u00f5imalustega tutvuma minna ning me ei pidanud kordagi pettuma! Rajad olid v\u00e4ga head, kohalikud abivalmid ja toetavad. Kuna oleme perega...\" \/>\n<meta property=\"og:url\" content=\"https:\/\/kelgukoerad.ee\/hellerkantri\/balto-kevadkarikal-said-esimese-voistluskogemuse-mitu-kasvandikud\/\" \/>\n<meta property=\"og:site_name\" content=\"Hellerkantri Huskypark\" \/>\n<meta property=\"article:published_time\" content=\"2014-05-21T12:29:00+00:00\" \/>\n<meta property=\"article:modified_time\" content=\"2014-05-28T11:14:07+00:00\" \/>\n<meta property=\"og:image\" content=\"https:\/\/kelgukoerad.ee\/hellerkantri\/wp-content\/uploads\/2014\/05\/kelgukoerad4.jpg\" \/>\n<meta name=\"twitter:card\" content=\"summary_large_image\" \/>\n<script type=\"application\/ld+json\" class=\"yoast-schema-graph\">{\"@context\":\"https:\/\/schema.org\",\"@graph\":[{\"@type\":\"WebSite\",\"@id\":\"https:\/\/kelgukoerad.ee\/hellerkantri\/#website\",\"url\":\"https:\/\/kelgukoerad.ee\/hellerkantri\/\",\"name\":\"Hellerkantri Huskypark\",\"description\":\"Hellerkantri Huskypark - kelgukoerte kasvandus ja talu Raplamaal\",\"potentialAction\":[{\"@type\":\"SearchAction\",\"target\":\"https:\/\/kelgukoerad.ee\/hellerkantri\/?s={search_term_string}\",\"query-input\":\"required name=search_term_string\"}],\"inLanguage\":\"en-US\"},{\"@type\":\"ImageObject\",\"@id\":\"https:\/\/kelgukoerad.ee\/hellerkantri\/balto-kevadkarikal-said-esimese-voistluskogemuse-mitu-kasvandikud\/#primaryimage\",\"inLanguage\":\"en-US\",\"url\":\"https:\/\/kelgukoerad.ee\/hellerkantri\/wp-content\/uploads\/2014\/05\/kelgukoerad4.jpg\",\"width\":1000,\"height\":667},{\"@type\":\"WebPage\",\"@id\":\"https:\/\/kelgukoerad.ee\/hellerkantri\/balto-kevadkarikal-said-esimese-voistluskogemuse-mitu-kasvandikud\/#webpage\",\"url\":\"https:\/\/kelgukoerad.ee\/hellerkantri\/balto-kevadkarikal-said-esimese-voistluskogemuse-mitu-kasvandikud\/\",\"name\":\"Balto Kevadkarikal said esimese v\\u00f5istluskogemuse mitmed kasvandikud - Hellerkantri Huskypark\",\"isPartOf\":{\"@id\":\"https:\/\/kelgukoerad.ee\/hellerkantri\/#website\"},\"primaryImageOfPage\":{\"@id\":\"https:\/\/kelgukoerad.ee\/hellerkantri\/balto-kevadkarikal-said-esimese-voistluskogemuse-mitu-kasvandikud\/#primaryimage\"},\"datePublished\":\"2014-05-21T12:29:00+00:00\",\"dateModified\":\"2014-05-28T11:14:07+00:00\",\"author\":{\"@id\":\"https:\/\/kelgukoerad.ee\/hellerkantri\/#\/schema\/person\/52bcfad50cde31b4fa908d7a5933065b\"},\"inLanguage\":\"en-US\",\"potentialAction\":[{\"@type\":\"ReadAction\",\"target\":[\"https:\/\/kelgukoerad.ee\/hellerkantri\/balto-kevadkarikal-said-esimese-voistluskogemuse-mitu-kasvandikud\/\"]}]},{\"@type\":\"Person\",\"@id\":\"https:\/\/kelgukoerad.ee\/hellerkantri\/#\/schema\/person\/52bcfad50cde31b4fa908d7a5933065b\",\"name\":\"hellerkantri\",\"image\":{\"@type\":\"ImageObject\",\"@id\":\"https:\/\/kelgukoerad.ee\/hellerkantri\/#personlogo\",\"inLanguage\":\"en-US\",\"url\":\"https:\/\/secure.gravatar.com\/avatar\/113fea81ec808669ac1f2f484b615c4a?s=96&d=retro&r=g\",\"caption\":\"hellerkantri\"}}]}<\/script>\n<!-- \/ Yoast SEO plugin. -->","_links":{"self":[{"href":"https:\/\/kelgukoerad.ee\/hellerkantri\/wp-json\/wp\/v2\/posts\/6141"}],"collection":[{"href":"https:\/\/kelgukoerad.ee\/hellerkantri\/wp-json\/wp\/v2\/posts"}],"about":[{"href":"https:\/\/kelgukoerad.ee\/hellerkantri\/wp-json\/wp\/v2\/types\/post"}],"author":[{"embeddable":true,"href":"https:\/\/kelgukoerad.ee\/hellerkantri\/wp-json\/wp\/v2\/users\/1"}],"replies":[{"embeddable":true,"href":"https:\/\/kelgukoerad.ee\/hellerkantri\/wp-json\/wp\/v2\/comments?post=6141"}],"version-history":[{"count":42,"href":"https:\/\/kelgukoerad.ee\/hellerkantri\/wp-json\/wp\/v2\/posts\/6141\/revisions"}],"predecessor-version":[{"id":6223,"href":"https:\/\/kelgukoerad.ee\/hellerkantri\/wp-json\/wp\/v2\/posts\/6141\/revisions\/6223"}],"wp:attachment":[{"href":"https:\/\/kelgukoerad.ee\/hellerkantri\/wp-json\/wp\/v2\/media?parent=6141"}],"wp:term":[{"taxonomy":"category","embeddable":true,"href":"https:\/\/kelgukoerad.ee\/hellerkantri\/wp-json\/wp\/v2\/categories?post=6141"},{"taxonomy":"post_tag","embeddable":true,"href":"https:\/\/kelgukoerad.ee\/hellerkantri\/wp-json\/wp\/v2\/tags?post=6141"}],"curies":[{"name":"wp","href":"https:\/\/api.w.org\/{rel}","templated":true}]}}