{"id":9713,"date":"2017-12-17T18:33:20","date_gmt":"2017-12-17T16:33:20","guid":{"rendered":"http:\/\/kelgukoerad.ee\/hellerkantri\/?p=9713"},"modified":"2018-01-02T01:01:49","modified_gmt":"2018-01-01T23:01:49","slug":"huskypargis-on-talvine-kelguhooaeg-ametlikult-avatud","status":"publish","type":"post","link":"https:\/\/kelgukoerad.ee\/hellerkantri\/huskypargis-on-talvine-kelguhooaeg-ametlikult-avatud\/","title":{"rendered":"Huskypargis on kelguhooaeg ametlikult avatud!"},"content":{"rendered":"<p>T\u00e4na, 17.detsembril algas Huskypargis talvine kelguhooaeg!\u00a0P\u00e4eval pidasime \u00fche ettev\u00f5tte talvep\u00e4eva ning \u00f5htuh\u00e4maruses said kelgus\u00f5itu nautida neli k\u00fclalist Inglismaalt k\u00fcmnese siberi husky rakendiga.<\/p>\n<p><img loading=\"lazy\" class=\"alignnone size-full wp-image-9714\" src=\"https:\/\/kelgukoerad.ee\/hellerkantri\/wp-content\/uploads\/2017\/12\/Hellerkantri-Huskypark-kelgukoerad.jpg\" alt=\"Kelgukoertega s\u00f5it Raplamaal Huskypargis\" width=\"1600\" height=\"1066\" srcset=\"https:\/\/kelgukoerad.ee\/hellerkantri\/wp-content\/uploads\/2017\/12\/Hellerkantri-Huskypark-kelgukoerad.jpg 1600w, https:\/\/kelgukoerad.ee\/hellerkantri\/wp-content\/uploads\/2017\/12\/Hellerkantri-Huskypark-kelgukoerad-600x400.jpg 600w, https:\/\/kelgukoerad.ee\/hellerkantri\/wp-content\/uploads\/2017\/12\/Hellerkantri-Huskypark-kelgukoerad-200x133.jpg 200w, https:\/\/kelgukoerad.ee\/hellerkantri\/wp-content\/uploads\/2017\/12\/Hellerkantri-Huskypark-kelgukoerad-300x200.jpg 300w, https:\/\/kelgukoerad.ee\/hellerkantri\/wp-content\/uploads\/2017\/12\/Hellerkantri-Huskypark-kelgukoerad-768x512.jpg 768w, https:\/\/kelgukoerad.ee\/hellerkantri\/wp-content\/uploads\/2017\/12\/Hellerkantri-Huskypark-kelgukoerad-750x500.jpg 750w\" sizes=\"(max-width: 1600px) 100vw, 1600px\" \/>Meie k\u00f5ige tublimad juhtkoerad Hellerkantri Pipi Pikksukk &amp; Hellerkantri Zipo<\/p>\n<p><img loading=\"lazy\" class=\"alignnone size-full wp-image-9717\" src=\"https:\/\/kelgukoerad.ee\/hellerkantri\/wp-content\/uploads\/2017\/12\/Huskypark-dog-sledding-Estonia.jpg\" alt=\"Huskypark dog sledding in Estonia\" width=\"1600\" height=\"1066\" srcset=\"https:\/\/kelgukoerad.ee\/hellerkantri\/wp-content\/uploads\/2017\/12\/Huskypark-dog-sledding-Estonia.jpg 1600w, https:\/\/kelgukoerad.ee\/hellerkantri\/wp-content\/uploads\/2017\/12\/Huskypark-dog-sledding-Estonia-600x400.jpg 600w, https:\/\/kelgukoerad.ee\/hellerkantri\/wp-content\/uploads\/2017\/12\/Huskypark-dog-sledding-Estonia-200x133.jpg 200w, https:\/\/kelgukoerad.ee\/hellerkantri\/wp-content\/uploads\/2017\/12\/Huskypark-dog-sledding-Estonia-300x200.jpg 300w, https:\/\/kelgukoerad.ee\/hellerkantri\/wp-content\/uploads\/2017\/12\/Huskypark-dog-sledding-Estonia-768x512.jpg 768w, https:\/\/kelgukoerad.ee\/hellerkantri\/wp-content\/uploads\/2017\/12\/Huskypark-dog-sledding-Estonia-750x500.jpg 750w\" sizes=\"(max-width: 1600px) 100vw, 1600px\" \/>Huskyparki saab k\u00fclla tulla ka \u00f5htul \/ Visitors from England in our night tour<\/p>\n<p>&nbsp;<\/p>\n<hr \/>\n<p>&nbsp;<\/p>\n","protected":false},"excerpt":{"rendered":"<p>T\u00e4na, 17.detsembril algas Huskypargis talvine kelguhooaeg!\u00a0P\u00e4eval pidasime \u00fche ettev\u00f5tte talvep\u00e4eva ning \u00f5htuh\u00e4maruses said kelgus\u00f5itu nautida neli k\u00fclalist Inglismaalt k\u00fcmnese siberi husky rakendiga. Meie k\u00f5ige tublimad juhtkoerad Hellerkantri Pipi Pikksukk &amp; Hellerkantri Zipo Huskyparki saab k\u00fclla tulla ka \u00f5htul \/ Visitors from England in our night tour &nbsp; &nbsp;<\/p>\n","protected":false},"author":1,"featured_media":0,"comment_status":"closed","ping_status":"open","sticky":false,"template":"","format":"standard","meta":{"_monsterinsights_skip_tracking":false,"_monsterinsights_sitenote_active":false,"_monsterinsights_sitenote_note":"","_monsterinsights_sitenote_category":0},"categories":[66,87,47,54,1],"tags":[89,100,172,12,8,189,190,191,95,158],"yoast_head":"<!-- This site is optimized with the Yoast SEO plugin v14.9 - https:\/\/yoast.com\/wordpress\/plugins\/seo\/ -->\n<title>Huskypargis on kelguhooaeg ametlikult avatud! - Hellerkantri Huskypark<\/title>\n<meta name=\"robots\" content=\"index, follow, max-snippet:-1, max-image-preview:large, max-video-preview:-1\" \/>\n<link rel=\"canonical\" href=\"https:\/\/kelgukoerad.ee\/hellerkantri\/huskypargis-on-talvine-kelguhooaeg-ametlikult-avatud\/\" \/>\n<meta property=\"og:locale\" content=\"en_US\" \/>\n<meta property=\"og:type\" content=\"article\" \/>\n<meta property=\"og:title\" content=\"Huskypargis on kelguhooaeg ametlikult avatud! - Hellerkantri Huskypark\" \/>\n<meta property=\"og:description\" content=\"T\u00e4na, 17.detsembril algas Huskypargis talvine kelguhooaeg!\u00a0P\u00e4eval pidasime \u00fche ettev\u00f5tte talvep\u00e4eva ning \u00f5htuh\u00e4maruses said kelgus\u00f5itu nautida neli k\u00fclalist Inglismaalt k\u00fcmnese siberi husky rakendiga. Meie k\u00f5ige tublimad juhtkoerad Hellerkantri Pipi Pikksukk &amp; Hellerkantri Zipo Huskyparki saab k\u00fclla tulla ka \u00f5htul \/ Visitors from England in our night tour &nbsp; &nbsp;\" \/>\n<meta property=\"og:url\" content=\"https:\/\/kelgukoerad.ee\/hellerkantri\/huskypargis-on-talvine-kelguhooaeg-ametlikult-avatud\/\" \/>\n<meta property=\"og:site_name\" content=\"Hellerkantri Huskypark\" \/>\n<meta property=\"article:published_time\" content=\"2017-12-17T16:33:20+00:00\" \/>\n<meta property=\"article:modified_time\" content=\"2018-01-01T23:01:49+00:00\" \/>\n<meta property=\"og:image\" content=\"https:\/\/kelgukoerad.ee\/hellerkantri\/wp-content\/uploads\/2017\/12\/Hellerkantri-Huskypark-kelgukoerad.jpg\" \/>\n<meta name=\"twitter:card\" content=\"summary_large_image\" \/>\n<script type=\"application\/ld+json\" class=\"yoast-schema-graph\">{\"@context\":\"https:\/\/schema.org\",\"@graph\":[{\"@type\":\"WebSite\",\"@id\":\"https:\/\/kelgukoerad.ee\/hellerkantri\/#website\",\"url\":\"https:\/\/kelgukoerad.ee\/hellerkantri\/\",\"name\":\"Hellerkantri Huskypark\",\"description\":\"Hellerkantri Huskypark - kelgukoerte kasvandus ja talu Raplamaal\",\"potentialAction\":[{\"@type\":\"SearchAction\",\"target\":\"https:\/\/kelgukoerad.ee\/hellerkantri\/?s={search_term_string}\",\"query-input\":\"required name=search_term_string\"}],\"inLanguage\":\"en-US\"},{\"@type\":\"ImageObject\",\"@id\":\"https:\/\/kelgukoerad.ee\/hellerkantri\/huskypargis-on-talvine-kelguhooaeg-ametlikult-avatud\/#primaryimage\",\"inLanguage\":\"en-US\",\"url\":\"https:\/\/kelgukoerad.ee\/hellerkantri\/wp-content\/uploads\/2017\/12\/Hellerkantri-Huskypark-kelgukoerad.jpg\",\"width\":1600,\"height\":1066,\"caption\":\"Kelgukoertega s\\u00f5it Raplamaal Huskypargis\"},{\"@type\":\"WebPage\",\"@id\":\"https:\/\/kelgukoerad.ee\/hellerkantri\/huskypargis-on-talvine-kelguhooaeg-ametlikult-avatud\/#webpage\",\"url\":\"https:\/\/kelgukoerad.ee\/hellerkantri\/huskypargis-on-talvine-kelguhooaeg-ametlikult-avatud\/\",\"name\":\"Huskypargis on kelguhooaeg ametlikult avatud! - Hellerkantri Huskypark\",\"isPartOf\":{\"@id\":\"https:\/\/kelgukoerad.ee\/hellerkantri\/#website\"},\"primaryImageOfPage\":{\"@id\":\"https:\/\/kelgukoerad.ee\/hellerkantri\/huskypargis-on-talvine-kelguhooaeg-ametlikult-avatud\/#primaryimage\"},\"datePublished\":\"2017-12-17T16:33:20+00:00\",\"dateModified\":\"2018-01-01T23:01:49+00:00\",\"author\":{\"@id\":\"https:\/\/kelgukoerad.ee\/hellerkantri\/#\/schema\/person\/52bcfad50cde31b4fa908d7a5933065b\"},\"inLanguage\":\"en-US\",\"potentialAction\":[{\"@type\":\"ReadAction\",\"target\":[\"https:\/\/kelgukoerad.ee\/hellerkantri\/huskypargis-on-talvine-kelguhooaeg-ametlikult-avatud\/\"]}]},{\"@type\":\"Person\",\"@id\":\"https:\/\/kelgukoerad.ee\/hellerkantri\/#\/schema\/person\/52bcfad50cde31b4fa908d7a5933065b\",\"name\":\"hellerkantri\",\"image\":{\"@type\":\"ImageObject\",\"@id\":\"https:\/\/kelgukoerad.ee\/hellerkantri\/#personlogo\",\"inLanguage\":\"en-US\",\"url\":\"https:\/\/secure.gravatar.com\/avatar\/113fea81ec808669ac1f2f484b615c4a?s=96&d=retro&r=g\",\"caption\":\"hellerkantri\"}}]}<\/script>\n<!-- \/ Yoast SEO plugin. -->","_links":{"self":[{"href":"https:\/\/kelgukoerad.ee\/hellerkantri\/wp-json\/wp\/v2\/posts\/9713"}],"collection":[{"href":"https:\/\/kelgukoerad.ee\/hellerkantri\/wp-json\/wp\/v2\/posts"}],"about":[{"href":"https:\/\/kelgukoerad.ee\/hellerkantri\/wp-json\/wp\/v2\/types\/post"}],"author":[{"embeddable":true,"href":"https:\/\/kelgukoerad.ee\/hellerkantri\/wp-json\/wp\/v2\/users\/1"}],"replies":[{"embeddable":true,"href":"https:\/\/kelgukoerad.ee\/hellerkantri\/wp-json\/wp\/v2\/comments?post=9713"}],"version-history":[{"count":5,"href":"https:\/\/kelgukoerad.ee\/hellerkantri\/wp-json\/wp\/v2\/posts\/9713\/revisions"}],"predecessor-version":[{"id":9763,"href":"https:\/\/kelgukoerad.ee\/hellerkantri\/wp-json\/wp\/v2\/posts\/9713\/revisions\/9763"}],"wp:attachment":[{"href":"https:\/\/kelgukoerad.ee\/hellerkantri\/wp-json\/wp\/v2\/media?parent=9713"}],"wp:term":[{"taxonomy":"category","embeddable":true,"href":"https:\/\/kelgukoerad.ee\/hellerkantri\/wp-json\/wp\/v2\/categories?post=9713"},{"taxonomy":"post_tag","embeddable":true,"href":"https:\/\/kelgukoerad.ee\/hellerkantri\/wp-json\/wp\/v2\/tags?post=9713"}],"curies":[{"name":"wp","href":"https:\/\/api.w.org\/{rel}","templated":true}]}}